{"id":427,"date":"2014-03-17T21:04:38","date_gmt":"2014-03-17T20:04:38","guid":{"rendered":"http:\/\/stupideetcontagieux.net\/?p=427"},"modified":"2014-04-27T20:08:52","modified_gmt":"2014-04-27T18:08:52","slug":"hacienda-jose","status":"publish","type":"post","link":"https:\/\/stupideetcontagieux.net\/?p=427","title":{"rendered":"Hacienda Jos\u00e9"},"content":{"rendered":"<div style=\"padding-bottom:20px; padding-top:10px;\" class=\"hupso-share-buttons\"><!-- Hupso Share Buttons - http:\/\/www.hupso.com\/share\/ --><a class=\"hupso_toolbar\" href=\"http:\/\/www.hupso.com\/share\/\"><img decoding=\"async\" src=\"https:\/\/static.hupso.com\/share\/buttons\/dot.png\" style=\"border:0px; padding-top:5px; float:left;\" alt=\"Share Button\"\/><\/a><script type=\"text\/javascript\">var hupso_services_t=new Array(\"Twitter\",\"Facebook\",\"Google Plus\",\"Pinterest\",\"Tumblr\",\"VKontakte\",\"Email\",\"Print\");var hupso_background_t=\"#EAF4FF\";var hupso_border_t=\"#66CCFF\";var hupso_toolbar_size_t=\"big\";var hupso_twitter_via = \"BenHowl1\";var hupso_image_folder_url = \"\";var hupso_twitter_via=\"BenHowl1\";var hupso_url_t=\"\";var hupso_title_t=\"Hacienda Jos\u00e9\";<\/script><script type=\"text\/javascript\" src=\"https:\/\/static.hupso.com\/share\/js\/share_toolbar.js\"><\/script><!-- Hupso Share Buttons --><\/div><p>Je d\u00e9barque \u00e0 Z\u00fcrich avec des tonnes de bagages \u2013 mes vingt printemps \u00e0 peine \u00e9clos \u2013 p\u00e9riode un peu pr\u00e9caire o\u00f9 tu es plus vraiment ado, o\u00f9 tu es pas encore totalement adulte \u2013 le temps des m\u00e9tamorphoses. De la gare centrale de Z\u00fcrich je saute dans le premier <a title=\"Page Wikip\u00e9dia du r\u00e9seau de S-Bahn z\u00fcrichois\" href=\"http:\/\/fr.wikipedia.org\/wiki\/R%C3%A9seau_express_r%C3%A9gional_zurichois\" target=\"_blank\">S-Bahn<\/a> ligne 12 direction Brugg AG. C&rsquo;est qu&rsquo;une fois pos\u00e9 dans la wagon que je sens \u00e0 quel point le voyage a \u00e9t\u00e9 crevant \u2013 depuis quelques jours j&rsquo;arr\u00eate pas entre les pr\u00e9paratifs, hier la derni\u00e8re f\u00eate avant le d\u00e9part, et le vagabondage dans Paris en tirant derri\u00e8re moi valises sacs et tracas. Mais pas le temps de souffler quelques arr\u00eats et j&rsquo;y suis \u2013 Glanzenberg, Dietikon, dans la vall\u00e9e de la Limmat. De la gare le plan indique qu&rsquo;il faut prendre \u00e0 droite et monter la colline. Je suis dans les parages je le sais, la <a title=\"Plan de Dietikon - Urdorferstrasse\" href=\"http:\/\/goo.gl\/maps\/zOK6r\" target=\"_blank\">Urdorferstrasse<\/a>, mais j&rsquo;arrive pas \u00e0 trouver ma destination \u2013 jusqu&rsquo;au moment o\u00f9 elle se dresse, immense, devant moi \u2013 ma demeure pour ces quatre prochains mois \u2013 la Hacienda Jos\u00e9.<\/p>\n<figure id=\"attachment_437\" aria-describedby=\"caption-attachment-437\" style=\"width: 640px\" class=\"wp-caption aligncenter\"><a href=\"https:\/\/stupideetcontagieux.net\/WordPress3\/wp-content\/uploads\/2014\/03\/dscf3929.jpg\"><img loading=\"lazy\" decoding=\"async\" class=\"size-large wp-image-437\" src=\"https:\/\/stupideetcontagieux.net\/WordPress3\/wp-content\/uploads\/2014\/03\/dscf3929-1024x768.jpg\" alt=\"Hacienda Jos\u00e9\" width=\"640\" height=\"480\" srcset=\"https:\/\/stupideetcontagieux.net\/WordPress3\/wp-content\/uploads\/2014\/03\/dscf3929-1024x768.jpg 1024w, https:\/\/stupideetcontagieux.net\/WordPress3\/wp-content\/uploads\/2014\/03\/dscf3929-300x225.jpg 300w, https:\/\/stupideetcontagieux.net\/WordPress3\/wp-content\/uploads\/2014\/03\/dscf3929-900x675.jpg 900w, https:\/\/stupideetcontagieux.net\/WordPress3\/wp-content\/uploads\/2014\/03\/dscf3929.jpg 1280w\" sizes=\"auto, (max-width: 640px) 100vw, 640px\" \/><\/a><figcaption id=\"caption-attachment-437\" class=\"wp-caption-text\">Hacienda Jos\u00e9<\/figcaption><\/figure>\n<p>Un ancien clo\u00eetre \u2013 Sankt Josefsheim \u2013 reconverti en coloc gigantesque. J&rsquo;ai d\u00e9couvert l&rsquo;endroit gr\u00e2ce \u00e0 un site de colocations, j&rsquo;ai tent\u00e9 le coup et alors que j&rsquo;y mettais pas un kopek on a accept\u00e9 de me louer une chambre. \u00ab\u00a0On\u00a0\u00bb\u00a0: Freddo, le gardien des lieux, le chef de file de toute la coloc, celui qui a le dernier mot lorsqu&rsquo;il faut prendre des d\u00e9cisions. C&rsquo;est lui qui m&rsquo;accueille quand je sonne \u00e0 la porte, compl\u00e8tement paum\u00e9 et d\u00e9boussol\u00e9, et qui me fait visiter les lieux.<\/p>\n<p>La coloc &#8211; quatre \u00e9tages, reli\u00e9s entre eux par des escaliers et m\u00eame un ascenseur, trois cuisines, cinq salles de bain. Des lieux de vie, des chambres qui se comptent plus, un immense jardin, une salle de r\u00e9p\u00e9t&rsquo; dans la cave, et&#8230; une ancienne chapelle reconvertie en salle de concerts. Y habitent une vingtaine de personnes, de tous \u00e2ges et de tous horizons, que je d\u00e9couvre et fr\u00e9quente pendant ces quatre mois. Freddo le grand sachem, celui dont le nom figure sur le bail commun, qui a ses appartements au premier avec sa femme et ses deux petites filles. David le punk \u00e0 qui on la refait pas, sa compagne Rebecca et leur petite Anja. Carla qui est l\u00e0 depuis le tout d\u00e9but \u2013 qui fait partie des meubles presque. Margg le steward qui se requinque ici entre deux tours du monde jet-laggu\u00e9s. Marco le p\u00e8re fra\u00eechement divorc\u00e9 qui se donne du temps pour se reconstruire et tenter d&rsquo;obtenir la garde de ses gamins. Luigi l&rsquo;\u00e9tudiant f\u00eatard qui rentre toujours \u00e0 pas d&rsquo;heure totalement d\u00e9calqu\u00e9 \u2013 quand il rentre&#8230; Vicky qui bosse \u00e0 mort et se serre la ceinture avant de repartir pour l&rsquo;Australie. Lisa et Peter, deux \u00e9tudiants un peu plus \u00e2g\u00e9s que moi \u2013 on dirait que ces deux l\u00e0 se tournent autour \u2013 la grande question c&rsquo;est de savoir si enfin un jour ils se mettront ensemble. Verena, tendre et attentionn\u00e9e, et son poulain sans \u00e9table fixe \u2013 une fois elle l&rsquo;a fait venir brouter dans le jardin histoire de tondre la pelouse de fa\u00e7on \u00e9cologique &#8211; et les autres \u2013 plus ou moins arrim\u00e9s ici, plus ou moins de passage. Tous font l&rsquo;effort de pas me parler <a title=\"Page Wikip\u00e9dia du Schwiizerd\u00fc\u00fctsch\" href=\"http:\/\/fr.wikipedia.org\/wiki\/Suisse_allemand\" target=\"_blank\">Schwiizerd\u00fc\u00fctsch<\/a> \u2013 un dialecte \u00e0 la ramasse auquel malgr\u00e9 toute la volont\u00e9 du monde j&rsquo;ai jamais rien compris. Et dans tout ce joyeux bordel, d\u00e8s le d\u00e9but, un accueil chaleureux, festif presque \u2013 comme si j&rsquo;\u00e9tais attendu depuis longtemps. Freddo m&rsquo;explique les r\u00e8gles de vie, puis, avec Carla et Lisa, il m&rsquo;aide \u00e0 m&rsquo;installer. J&rsquo;occupe deux pi\u00e8ces sous les combles. Mon bureau et ma chambre avec vue sur le jardin et les montagnes au loin.<\/p>\n<p>Tous les jeudis, un vacarme monstre provenant des fondations de la Hacienda. Freddo, David et Margg \u2013 quand il est l\u00e0 \u2013 envoient du rock fort dans la salle de r\u00e9p\u00e9t&rsquo;.<\/p>\n<figure id=\"attachment_435\" aria-describedby=\"caption-attachment-435\" style=\"width: 640px\" class=\"wp-caption aligncenter\"><a href=\"https:\/\/stupideetcontagieux.net\/WordPress3\/wp-content\/uploads\/2014\/03\/dscf3992.jpg\"><img loading=\"lazy\" decoding=\"async\" class=\"size-large wp-image-435\" src=\"https:\/\/stupideetcontagieux.net\/WordPress3\/wp-content\/uploads\/2014\/03\/dscf3992-1024x768.jpg\" alt=\"La salle de r\u00e9p\u00e9t' dans la cave\" width=\"640\" height=\"480\" srcset=\"https:\/\/stupideetcontagieux.net\/WordPress3\/wp-content\/uploads\/2014\/03\/dscf3992-1024x768.jpg 1024w, https:\/\/stupideetcontagieux.net\/WordPress3\/wp-content\/uploads\/2014\/03\/dscf3992-300x225.jpg 300w, https:\/\/stupideetcontagieux.net\/WordPress3\/wp-content\/uploads\/2014\/03\/dscf3992-900x675.jpg 900w, https:\/\/stupideetcontagieux.net\/WordPress3\/wp-content\/uploads\/2014\/03\/dscf3992.jpg 1280w\" sizes=\"auto, (max-width: 640px) 100vw, 640px\" \/><\/a><figcaption id=\"caption-attachment-435\" class=\"wp-caption-text\">La salle de r\u00e9p\u00e9t&rsquo; dans la cave<\/figcaption><\/figure>\n<p>Toutes les semaines, une t\u00e2che m\u00e9nag\u00e8re est assign\u00e9e \u00e0 chacun. G\u00e9n\u00e9ralement on s&rsquo;y met \u00e0 plusieurs, avec Verena et Carla, histoire d&rsquo;y aller tous en ch\u0153ur dans la joie et la bonne humeur. Tous les mardis, un rituel &#8211; toute la coloc a droit \u00e0 l&rsquo;un de mes dessins, s&rsquo;impr\u00e9gnant de l&rsquo;ambiance calme, suave et d\u00e9zingu\u00e9e de la Hacienda.<\/p>\n<figure id=\"attachment_439\" aria-describedby=\"caption-attachment-439\" style=\"width: 640px\" class=\"wp-caption aligncenter\"><a href=\"https:\/\/stupideetcontagieux.net\/WordPress3\/wp-content\/uploads\/2014\/03\/cartoon8.jpeg\"><img loading=\"lazy\" decoding=\"async\" class=\"size-large wp-image-439\" src=\"https:\/\/stupideetcontagieux.net\/WordPress3\/wp-content\/uploads\/2014\/03\/cartoon8-1024x731.jpeg\" alt=\"Marionnettes\" width=\"640\" height=\"456\" srcset=\"https:\/\/stupideetcontagieux.net\/WordPress3\/wp-content\/uploads\/2014\/03\/cartoon8-1024x731.jpeg 1024w, https:\/\/stupideetcontagieux.net\/WordPress3\/wp-content\/uploads\/2014\/03\/cartoon8-300x214.jpeg 300w, https:\/\/stupideetcontagieux.net\/WordPress3\/wp-content\/uploads\/2014\/03\/cartoon8-900x643.jpeg 900w\" sizes=\"auto, (max-width: 640px) 100vw, 640px\" \/><\/a><figcaption id=\"caption-attachment-439\" class=\"wp-caption-text\">\u00ab\u00a0N\u00b08 : Marionnettes\u00a0\u00bb<br \/>\u00ab\u00a0Le crocodile veut simplement bouffer la grenouille&#8230;<br \/>\u00ab\u00a0Mais c&rsquo;est pas une grenouille ni un crocodile! C&rsquo;est juste des gants!\u00a0\u00bb<\/figcaption><\/figure>\n<figure id=\"attachment_438\" aria-describedby=\"caption-attachment-438\" style=\"width: 640px\" class=\"wp-caption aligncenter\"><a href=\"https:\/\/stupideetcontagieux.net\/WordPress3\/wp-content\/uploads\/2014\/03\/cartoon9.jpeg\"><img loading=\"lazy\" decoding=\"async\" class=\"size-large wp-image-438\" src=\"https:\/\/stupideetcontagieux.net\/WordPress3\/wp-content\/uploads\/2014\/03\/cartoon9-1024x730.jpeg\" alt=\"N\u00b09 : Suicide dans le jardin\" width=\"640\" height=\"456\" srcset=\"https:\/\/stupideetcontagieux.net\/WordPress3\/wp-content\/uploads\/2014\/03\/cartoon9-1024x730.jpeg 1024w, https:\/\/stupideetcontagieux.net\/WordPress3\/wp-content\/uploads\/2014\/03\/cartoon9-300x213.jpeg 300w, https:\/\/stupideetcontagieux.net\/WordPress3\/wp-content\/uploads\/2014\/03\/cartoon9-900x641.jpeg 900w\" sizes=\"auto, (max-width: 640px) 100vw, 640px\" \/><\/a><figcaption id=\"caption-attachment-438\" class=\"wp-caption-text\">N\u00b09 : Suicide dans le jardin<\/figcaption><\/figure>\n<p>Tous les premiers dimanches du mois, toute la coloc se r\u00e9unit autour d&rsquo;un repas. Histoire de discuter des probl\u00e8mes rencontr\u00e9s, des projets \u00e0 venir, et de prendre des d\u00e9cisions quant aux choses qui doivent l&rsquo;\u00eatre et qui nous concernent tous. \u00c7a permet de calmer les tensions, de faire avancer les choses et de pas laisser d\u00e9p\u00e9rir l&rsquo;endroit. C&rsquo;est comme \u00e7a que j&rsquo;ai exerc\u00e9 mes talents de cuisto avec mes <a title=\"Recette du tiramisu\" href=\"http:\/\/www.marmiton.org\/recettes\/recette_tiramisu-recette-originale_12023.aspx\" target=\"_blank\">tiramisu<\/a>, c&rsquo;est aussi comme \u00e7a que je me suis vu proposer de repeindre tout le rez de chauss\u00e9e, ou que j&rsquo;ai aid\u00e9 \u00e0 mettre en place un coin potager dans le jardin.<\/p>\n<figure id=\"attachment_433\" aria-describedby=\"caption-attachment-433\" style=\"width: 640px\" class=\"wp-caption aligncenter\"><a href=\"https:\/\/stupideetcontagieux.net\/WordPress3\/wp-content\/uploads\/2014\/03\/dscf4378.jpg\"><img loading=\"lazy\" decoding=\"async\" class=\"size-large wp-image-433\" src=\"https:\/\/stupideetcontagieux.net\/WordPress3\/wp-content\/uploads\/2014\/03\/dscf4378-1024x768.jpg\" alt=\"Tout le monde s'active dans le jardin\" width=\"640\" height=\"480\" srcset=\"https:\/\/stupideetcontagieux.net\/WordPress3\/wp-content\/uploads\/2014\/03\/dscf4378-1024x768.jpg 1024w, https:\/\/stupideetcontagieux.net\/WordPress3\/wp-content\/uploads\/2014\/03\/dscf4378-300x225.jpg 300w, https:\/\/stupideetcontagieux.net\/WordPress3\/wp-content\/uploads\/2014\/03\/dscf4378-900x675.jpg 900w, https:\/\/stupideetcontagieux.net\/WordPress3\/wp-content\/uploads\/2014\/03\/dscf4378.jpg 1280w\" sizes=\"auto, (max-width: 640px) 100vw, 640px\" \/><\/a><figcaption id=\"caption-attachment-433\" class=\"wp-caption-text\">Tout le monde s&rsquo;active dans le jardin<\/figcaption><\/figure>\n<p>Tous les mois \u00e9galement, la chapelle se transforme en salle de concerts. Elle accueille un mini-festival de <a title=\"Exemple de concerts que peut acceuillir la chapelle de la Hacienda Jos\u00e9 - Sarah Chaksad\" href=\"http:\/\/www.sarahchaksad.ch\/konzerte.html\" target=\"_blank\">Jazz<\/a> pour faire concurrence \u00e0 celui de <a title=\"Le Festival de Jazz de Montreux\" href=\"https:\/\/stupideetcontagieux.net\/?p=388\" target=\"_blank\">Montreux<\/a>, ou de jeunes groupes de rock locaux. Et tous les jours, plein de surprises.<\/p>\n<figure id=\"attachment_444\" aria-describedby=\"caption-attachment-444\" style=\"width: 640px\" class=\"wp-caption aligncenter\"><a href=\"https:\/\/stupideetcontagieux.net\/WordPress3\/wp-content\/uploads\/2014\/03\/P5150124.jpg\"><img loading=\"lazy\" decoding=\"async\" class=\"size-large wp-image-444\" src=\"https:\/\/stupideetcontagieux.net\/WordPress3\/wp-content\/uploads\/2014\/03\/P5150124-1024x768.jpg\" alt=\"La chapelle\" width=\"640\" height=\"480\" srcset=\"https:\/\/stupideetcontagieux.net\/WordPress3\/wp-content\/uploads\/2014\/03\/P5150124-1024x768.jpg 1024w, https:\/\/stupideetcontagieux.net\/WordPress3\/wp-content\/uploads\/2014\/03\/P5150124-300x225.jpg 300w, https:\/\/stupideetcontagieux.net\/WordPress3\/wp-content\/uploads\/2014\/03\/P5150124-900x675.jpg 900w, https:\/\/stupideetcontagieux.net\/WordPress3\/wp-content\/uploads\/2014\/03\/P5150124.jpg 1280w\" sizes=\"auto, (max-width: 640px) 100vw, 640px\" \/><\/a><figcaption id=\"caption-attachment-444\" class=\"wp-caption-text\">La chapelle<\/figcaption><\/figure>\n<p>&nbsp;<\/p>\n<figure id=\"attachment_432\" aria-describedby=\"caption-attachment-432\" style=\"width: 640px\" class=\"wp-caption aligncenter\"><a href=\"https:\/\/stupideetcontagieux.net\/WordPress3\/wp-content\/uploads\/2014\/03\/dscf4114.jpg\"><img loading=\"lazy\" decoding=\"async\" class=\"size-large wp-image-432\" src=\"https:\/\/stupideetcontagieux.net\/WordPress3\/wp-content\/uploads\/2014\/03\/dscf4114-1024x768.jpg\" alt=\"Concert de jazz \u00e0 la Hacienda\" width=\"640\" height=\"480\" srcset=\"https:\/\/stupideetcontagieux.net\/WordPress3\/wp-content\/uploads\/2014\/03\/dscf4114-1024x768.jpg 1024w, https:\/\/stupideetcontagieux.net\/WordPress3\/wp-content\/uploads\/2014\/03\/dscf4114-300x225.jpg 300w, https:\/\/stupideetcontagieux.net\/WordPress3\/wp-content\/uploads\/2014\/03\/dscf4114-900x675.jpg 900w, https:\/\/stupideetcontagieux.net\/WordPress3\/wp-content\/uploads\/2014\/03\/dscf4114.jpg 1280w\" sizes=\"auto, (max-width: 640px) 100vw, 640px\" \/><\/a><figcaption id=\"caption-attachment-432\" class=\"wp-caption-text\">Concert de jazz \u00e0 la Hacienda<\/figcaption><\/figure>\n<p>Cet endroit, c&rsquo;est le paradis sur Terre. Mon paradis&#8230; Imaginez un peu \u2013 le calme, la chaleur humaine, et tous les jours des d\u00e9couvertes luxuriantes. \u00c0 titre d&rsquo;exemple, alors que \u00e7a faisait trois mois que je vivais l\u00e0, un truc tout con, j&rsquo;utilise l\u2019ascenseur pour la premi\u00e8re fois. Et c&rsquo;est l\u00e0 que je remarque qu&rsquo;il peut m&#8217;emmener jusqu&rsquo;au sous-sol \u2013 alors que j&rsquo;y ai zon\u00e9, de temps en temps, au sous-sol, et que j&rsquo;y ai jamais remarqu\u00e9 une porte d\u2019ascenseur. Alors ni une ni deux, en mode aventurier, j&rsquo;appuie sur le bouton pour voir o\u00f9 \u00e7a va bien pouvoir me mener. Et je d\u00e9couvre \u2013 au bout de trois mois\u00a0! &#8211; tout un pan du sous-sol que je connaissais pas.<\/p>\n<p>Anja, ses boucles d&rsquo;or, ses grands yeux et ses petits doigts. Tous les matins, je prends mon petit d\u00e9jeuner avec elle et sa m\u00e8re. Rebecca dont le ventre s&rsquo;arrondit de jour en jour \u2013 elle a annonc\u00e9 au dernier repas mensuel qu&rsquo;elle attend son deuxi\u00e8me marmot. Et Anja du haut de ses un an et demi qui mange d\u00e9licatement sa compote en faisant attention \u00e0 pas en foutre partout et qui me regarde, \u00e9berlu\u00e9e, m&rsquo;engloutir mon m\u00e9ga-bol de c\u00e9r\u00e9ales comme un gros porc. Et Anja qui est tellement habitu\u00e9e \u00e0 me voir squatter \u00e0 ses c\u00f4t\u00e9s le matin qu&rsquo;elle m&rsquo;appelle \u00ab\u00a0Papa\u00a0!\u00a0\u00bb. Alors tous les matins je me permets de la corriger\u00a0: \u00ab\u00a0Non Anja, je ne suis pas ton p\u00e8re. Ton p\u00e8re c&rsquo;est David, et il est d\u00e9j\u00e0 parti au travail. Moi c&rsquo;est Ben. B.E.N&#8230;\u00a0\u00bb Mais rien y fait, \u00e7a veut pas rentrer. Le lendemain c&rsquo;est \u00ab\u00a0Papa\u00a0!\u00a0\u00bb toujours \u2013 \u00e0 en devenir un peu g\u00eanant \u2013 je sais plus o\u00f9 me mettre le jour o\u00f9 elle balance \u00ab\u00a0Papa\u00a0!\u00a0\u00bb devant son p\u00e8re en me pointant du doigt&#8230; Et Anja, le dernier jour, alors que je fais mes adieux \u00e0 la Hacienda, je la prends dans les bras, je la soul\u00e8ve, je la fixe des yeux et je lui glisse \u00e0 l&rsquo;oreille\u00a0: \u00ab\u00a0Anja, tu peux pas t&rsquo;en rendre compte, mais merci d&rsquo;avoir \u00e9t\u00e9 l\u00e0&#8230; Tu as \u00e9t\u00e9 pour moi une rose au Paradis. Je sais pas si je te reverrai un jour, et si jamais je reviens, sans doute que tu te souviendras absolument pas de moi. Alors je voulais dire que je t&rsquo;aime, Anja, et je te souhaite une belle et longue vie. Prends soin de toi et de tes parents. Adieux.\u00a0\u00bb Et Anja que j&rsquo;\u00e9loigne de moi et alors que je tourne les talons, la gorge remplie d&rsquo;\u00e9motions, Anja qui crie\u00a0:\u00a0\u00ab\u00a0Beeeeennnn\u00a0!!!\u00a0\u00bb<\/p>\n<p>Je quitte la Hacienda alors que son cri r\u00e9sonne encore et que la neige automnale commence d\u00e9j\u00e0 \u00e0 recouvrir les sommets des montagnes pas si lointaines que \u00e7a. Je quitte la Hacienda avec mes valises et mes sacs. Je quitte la Hacienda je vacille et je tremble. Car j&rsquo;y laisse une partie de moi \u2013 Anja, David, Freddo, Marco, Lisa, Margg, Peter, Verena et les autres.<\/p>\n<p>Je quitte mon Paradis \u2013 m\u00e9tamorphos\u00e9. Maintenant que je l&rsquo;ai savour\u00e9, je sais ce qu&rsquo;il me reste \u00e0 faire. Je dois tourner la page et avancer \u2013 devenir adulte, l&rsquo;accepter, enfin \u2013 t&rsquo;es peut-\u00eatre coriace, mais la vie, le temps qui passe, ils sont plus forts que toi tu sais\u00a0? \u00c7a sert \u00e0 rien de t&rsquo;accrocher mon grand&#8230;<\/p>\n<p>Je quitte mon Paradis, et dans le train du retour, contre la fen\u00eatre, jusqu&rsquo;\u00e0 Paris, je pleure en silence.<\/p>\n","protected":false},"excerpt":{"rendered":"<div style=\"padding-bottom:20px; padding-top:10px;\" class=\"hupso-share-buttons\"><!-- Hupso Share Buttons - http:\/\/www.hupso.com\/share\/ --><a class=\"hupso_toolbar\" href=\"http:\/\/www.hupso.com\/share\/\"><img src=\"https:\/\/static.hupso.com\/share\/buttons\/dot.png\" style=\"border:0px; padding-top:5px; float:left;\" alt=\"Share Button\"\/><\/a><script type=\"text\/javascript\">var hupso_services_t=new Array(\"Twitter\",\"Facebook\",\"Google Plus\",\"Pinterest\",\"Tumblr\",\"VKontakte\",\"Email\",\"Print\");var hupso_background_t=\"#EAF4FF\";var hupso_border_t=\"#66CCFF\";var hupso_toolbar_size_t=\"big\";var hupso_twitter_via = \"BenHowl1\";var hupso_image_folder_url = \"\";var hupso_twitter_via=\"BenHowl1\";var hupso_url_t=\"\";var hupso_title_t=\"Hacienda Jos\u00e9\";<\/script><script type=\"text\/javascript\" src=\"https:\/\/static.hupso.com\/share\/js\/share_toolbar.js\"><\/script><!-- Hupso Share Buttons --><\/div><p>Je d\u00e9barque \u00e0 Z\u00fcrich avec des tonnes de bagages \u2013 mes vingt printemps \u00e0 peine \u00e9clos \u2013 p\u00e9riode un peu pr\u00e9caire o\u00f9 tu es plus vraiment ado, o\u00f9 tu es pas encore totalement adulte \u2013 le temps des m\u00e9tamorphoses. De la gare centrale de Z\u00fcrich je saute dans le premier S-Bahn ligne 12 direction Brugg [&hellip;]<\/p>\n","protected":false},"author":1,"featured_media":0,"comment_status":"open","ping_status":"open","sticky":false,"template":"","format":"standard","meta":{"footnotes":""},"categories":[1],"tags":[68,64,66,65,67,26,28,69,37,63],"class_list":["post-427","post","type-post","status-publish","format-standard","hentry","category-le-coin-de-ben-howl","tag-anja","tag-concert","tag-dessins","tag-hacienda","tag-jardin","tag-jazz","tag-musique","tag-paradis","tag-voyages","tag-zurich"],"_links":{"self":[{"href":"https:\/\/stupideetcontagieux.net\/index.php?rest_route=\/wp\/v2\/posts\/427","targetHints":{"allow":["GET"]}}],"collection":[{"href":"https:\/\/stupideetcontagieux.net\/index.php?rest_route=\/wp\/v2\/posts"}],"about":[{"href":"https:\/\/stupideetcontagieux.net\/index.php?rest_route=\/wp\/v2\/types\/post"}],"author":[{"embeddable":true,"href":"https:\/\/stupideetcontagieux.net\/index.php?rest_route=\/wp\/v2\/users\/1"}],"replies":[{"embeddable":true,"href":"https:\/\/stupideetcontagieux.net\/index.php?rest_route=%2Fwp%2Fv2%2Fcomments&post=427"}],"version-history":[{"count":9,"href":"https:\/\/stupideetcontagieux.net\/index.php?rest_route=\/wp\/v2\/posts\/427\/revisions"}],"predecessor-version":[{"id":497,"href":"https:\/\/stupideetcontagieux.net\/index.php?rest_route=\/wp\/v2\/posts\/427\/revisions\/497"}],"wp:attachment":[{"href":"https:\/\/stupideetcontagieux.net\/index.php?rest_route=%2Fwp%2Fv2%2Fmedia&parent=427"}],"wp:term":[{"taxonomy":"category","embeddable":true,"href":"https:\/\/stupideetcontagieux.net\/index.php?rest_route=%2Fwp%2Fv2%2Fcategories&post=427"},{"taxonomy":"post_tag","embeddable":true,"href":"https:\/\/stupideetcontagieux.net\/index.php?rest_route=%2Fwp%2Fv2%2Ftags&post=427"}],"curies":[{"name":"wp","href":"https:\/\/api.w.org\/{rel}","templated":true}]}}